{"id":277,"date":"2017-12-16T13:18:59","date_gmt":"2017-12-16T12:18:59","guid":{"rendered":"http:\/\/www.femciutatvella.com\/?p=277"},"modified":"2017-12-16T13:29:08","modified_gmt":"2017-12-16T12:29:08","slug":"hermitage-barcelona","status":"publish","type":"post","link":"https:\/\/www.femciutatvella.com\/ca\/hermitage-barcelona\/","title":{"rendered":"Hermitage Barcelona"},"content":{"rendered":"<p><\/p>\n<p style=\"text-align: center;\"><strong><span style=\"text-decoration: underline;\">Ve\u00efns de la Barceloneta es revolten contra \u201cl\u2019opacitat\u201d de l\u2019Hermitage<\/span><\/strong><\/p>\n<p><strong>El Port nega que pressioni l\u2019Ajuntament i assegura que si el projecte tira endavant ser\u00e0 per consens<\/strong><\/p>\n<p style=\"text-align: right;\"><strong>Laura \u00c1lvarez Barcelona | 13\/12\/2017 23:20<\/strong><\/p>\n<p><strong>La Barceloneta est\u00e0 dividida entre el que volen els comerciants i el que volen els ve\u00efns en refer\u00e8ncia a la possible ubicaci\u00f3 al barri d\u2019una franqu\u00edcia del museu de l\u2019Hermitage, de Sant Petersburg. Els primers estan conven\u00e7uts que els repercutir\u00e0 en m\u00e9s volum de negoci, mentre que els segons tenen clar que m\u00e9s massificaci\u00f3 tur\u00edstica comportar\u00e0 m\u00e9s expulsi\u00f3 de ve\u00efnat. Per\u00f2 el projecte que preveu ubicar l\u2019equipament al costat de l\u2019Hotel W fa mesos que est\u00e0 en punt mort, a l\u2019espera que l\u2019Ajuntament mogui fitxa. El govern municipal, tot i admetre que la zona ja t\u00e9 una forta c\u00e0rrega tur\u00edstica, no hi tanca la porta i est\u00e0 pendent que es presenti un projecte definitiu.<\/strong><br \/>\n<strong> L\u2019Associaci\u00f3 de Ve\u00efns de l\u2019\u00d2stia i la Plataforma en Defensa de la Barceloneta -una organitzaci\u00f3 ve\u00efnal especialment combativa en temes d\u2019habitatge i que aquest any ja ha aturat gaireb\u00e9 una vintena de desnonaments al barri- han sumat forces per engegar una campanya en contra de la ubicaci\u00f3 de la franqu\u00edcia del museu rus a la nova bocana del port de Barcelona. Consideren que seria la gota que faria vessar el got.<\/strong><br \/>\n<strong> M\u00e9s gentrificaci\u00f3 a la zona<\/strong><br \/>\n<strong> \u201cL\u2019\u00faltim que necessita Ciutat Vella \u00e9s m\u00e9s turisme\u201d, assegura \u00d3scar Dom\u00e8nech, membre de la plataforma. Han aconseguit el suport de nombroses entitats d\u2019arreu de la ciutat, com la Federaci\u00f3 d\u2019Associacions de Ve\u00efns i Ve\u00efnes de Barcelona (FAVB) i l\u2019Assemblea de Barris per un Turisme Sostenible (ABTS), i han escrit un manifest que dem\u00e0 faran arribar a l\u2019Ajuntament. En el text, asseguren que l\u2019equipament nom\u00e9s portaria m\u00e9s elititzaci\u00f3 i gentrificaci\u00f3 a una zona ja molt castigada per la massificaci\u00f3 tur\u00edstica i l\u2019especulaci\u00f3 immobili\u00e0ria, dos fen\u00f2mens que, asseguren, provoquen la destrucci\u00f3 del teixit comercial tradicional i associatiu del barri i l\u2019expulsi\u00f3 del ve\u00efnat. \u201cEls inversors estrangers compren edificis sencers per fer-hi pisos de luxe despr\u00e9s d\u2019expulsar-ne els ve\u00efns\u201d, explica Sebas Huguet, membre de la plataforma.<\/strong><br \/>\n<strong> El barri, per\u00f2, est\u00e0 dividit. Aquest no \u00e9s el primer intent de pressi\u00f3 que la Barceloneta fa al govern municipal perqu\u00e8 s\u2019afanyi a prendre una decisi\u00f3. Fa uns dies, l\u2019Associaci\u00f3 de Ve\u00efns de la Barceloneta, una entitat minorit\u00e0ria al barri amb nom\u00e9s nou membres per\u00f2 estretament lligada a l\u2019Associaci\u00f3 de Comerciants, va fer un manifest favorable a la franqu\u00edcia del museu de Sant Petersburg, en el qual assegurava que podria representar una bona manera de recuperar la dignitat del barri, molt perjudicada des de fa temps pel turisme de borratxera. En declaracions a aquest diari, el vicepresident de l\u2019entitat, Manel Mart\u00ednez, argumenta: \u201cVolen que l\u2019oferta d\u2019oci nocturn marxi del barri, i al final es tracta de fer accions per despla\u00e7ar el turisme que no volem\u201d. Tamb\u00e9 assegura que el museu de l\u2019Hermitage beneficiaria els comerciants i dinamitzaria el teixit empresarial de la zona.<\/strong><br \/>\n<strong> 700.000 visitants a l\u2019any<\/strong><br \/>\n<strong> A l\u2019espera de les dades definitives del 2017, l\u2019Ajuntament quantifica en m\u00e9s de 30 milions el volum de turistes que visiten cada any Barcelona i, si el museu de l\u2019Hermitage s\u2019acaba ubicant a la ciutat, a aquesta xifra s\u2019hi hauran d\u2019afegir els visitants addicionals que atrauria l\u2019equipament, que podria rebre 700.000 persones anualment. A m\u00e9s, tamb\u00e9 atraurien visitants les instal\u00b7lacions projectades al voltant del museu: un sol\u00e0rium, un restaurant, un bar, una botiga de souvenirs i una terrassa amb wifi gratu\u00eft.<\/strong><\/p>\n<p><strong>Els ve\u00efns de l\u2019Associaci\u00f3 de l\u2019\u00d2stia i de la Plataforma en Defensa de la Barceloneta, per\u00f2, van un pas m\u00e9s enll\u00e0 i denuncien opacitat del Port de Barcelona, consorci p\u00fablic-privat propietari del solar on vol ubicar-se la franqu\u00edcia del museu rus. \u201cEl port sempre ens ha fet un doble joc. En les diferents remodelacions del front litoral ens han prom\u00e8s lavabos p\u00fablics, zones infantils i espais per al ve\u00efnat que mai s\u2019han fet realitat\u201d, explica Pino Su\u00e1rez, membre de l\u2019Associaci\u00f3 de l\u2019\u00d2stia.<\/strong><\/p>\n<p><strong>Els ve\u00efns estan conven\u00e7uts que amb la instal\u00b7laci\u00f3 de la subseu del museu de Sant Petersburg el port hi t\u00e9 molt a guanyar, i asseguren que \u201cest\u00e0 pressionant l\u2019Ajuntament perqu\u00e8 l\u2019Hermitage s\u2019ubiqui sota la seva jurisdicci\u00f3\u201d, assegura Lourdes L\u00f3pez, membre de la plataforma.<\/strong><\/p>\n<p><strong>Fonts del Port de Barcelona, per\u00f2, neguen rotundament que estiguin pressionant l\u2019administraci\u00f3 de cap manera i asseguren que \u201csi el projecte de l\u2019Hermitage acaba tirant endavant es far\u00e0 per consens amb l\u2019Ajuntament de Barcelona\u201d.<\/strong><\/p>\n<p><strong>El projecte preveu un edifici de cinc plantes amb set sales d\u2019exposicions, bar i restaurant, i implicaria una remodelaci\u00f3 en profunditat de la zona que la faria encara m\u00e9s atractiva per als turistes, ja que, entre altres coses, hi ha prevista la construcci\u00f3 d\u2019una passarel\u00b7la per enlla\u00e7ar directament el museu amb la terminal de creuers. \u201cVolen que aquella zona sigui un pol d\u2019atracci\u00f3 de turisme com ho \u00e9s la Vila Ol\u00edmpica, on els ve\u00efns ja fa temps que no anem. La gran difer\u00e8ncia \u00e9s que a la Vila Ol\u00edmpica \u00e9s l\u2019Ajuntament qui decideix si es renoven o no les llic\u00e8ncies, i aqu\u00ed qui talla el bacall\u00e0 \u00e9s el port\u201d, afegeix Dom\u00e8nech.<\/strong><\/p>\n<p><a href=\"https:\/\/www.ara.cat\/societat\/Veins-Barceloneta-revolten-lopacitat-lErmitage_0_1924007621.html\"><span style=\"color: #ff0000;\">https:\/\/www.ara.cat\/societat\/Veins-Barceloneta-revolten-lopacitat-lErmitage_0_1924007621.htm<\/span>l<\/a><\/p>","protected":false},"excerpt":{"rendered":"<p>Ve\u00efns de la Barceloneta es revolten contra \u201cl\u2019opacitat\u201d de l\u2019Hermitage El Port nega que pressioni l\u2019Ajuntament i assegura que si el projecte tira endavant ser\u00e0 per consens Laura \u00c1lvarez Barcelona | 13\/12\/2017 23:20 La Barceloneta est\u00e0 dividida entre el que volen els comerciants i el que volen els ve\u00efns en refer\u00e8ncia a la possible ubicaci\u00f3&#8230; <\/p>\n","protected":false},"author":3,"featured_media":278,"comment_status":"closed","ping_status":"closed","sticky":false,"template":"","format":"standard","meta":{"footnotes":""},"categories":[14,1],"tags":[11,12,13],"class_list":["post-277","post","type-post","status-publish","format-standard","has-post-thumbnail","hentry","category-barceloneta","category-sin-categoria","tag-barceloneta","tag-hermitage","tag-museu"],"_links":{"self":[{"href":"https:\/\/www.femciutatvella.com\/ca\/wp-json\/wp\/v2\/posts\/277","targetHints":{"allow":["GET"]}}],"collection":[{"href":"https:\/\/www.femciutatvella.com\/ca\/wp-json\/wp\/v2\/posts"}],"about":[{"href":"https:\/\/www.femciutatvella.com\/ca\/wp-json\/wp\/v2\/types\/post"}],"author":[{"embeddable":true,"href":"https:\/\/www.femciutatvella.com\/ca\/wp-json\/wp\/v2\/users\/3"}],"replies":[{"embeddable":true,"href":"https:\/\/www.femciutatvella.com\/ca\/wp-json\/wp\/v2\/comments?post=277"}],"version-history":[{"count":1,"href":"https:\/\/www.femciutatvella.com\/ca\/wp-json\/wp\/v2\/posts\/277\/revisions"}],"predecessor-version":[{"id":279,"href":"https:\/\/www.femciutatvella.com\/ca\/wp-json\/wp\/v2\/posts\/277\/revisions\/279"}],"wp:featuredmedia":[{"embeddable":true,"href":"https:\/\/www.femciutatvella.com\/ca\/wp-json\/wp\/v2\/media\/278"}],"wp:attachment":[{"href":"https:\/\/www.femciutatvella.com\/ca\/wp-json\/wp\/v2\/media?parent=277"}],"wp:term":[{"taxonomy":"category","embeddable":true,"href":"https:\/\/www.femciutatvella.com\/ca\/wp-json\/wp\/v2\/categories?post=277"},{"taxonomy":"post_tag","embeddable":true,"href":"https:\/\/www.femciutatvella.com\/ca\/wp-json\/wp\/v2\/tags?post=277"}],"curies":[{"name":"wp","href":"https:\/\/api.w.org\/{rel}","templated":true}]}}