{"id":287,"date":"2018-01-14T18:46:41","date_gmt":"2018-01-14T17:46:41","guid":{"rendered":"http:\/\/www.femciutatvella.com\/?p=287"},"modified":"2018-01-14T18:51:35","modified_gmt":"2018-01-14T17:51:35","slug":"287-2","status":"publish","type":"post","link":"https:\/\/www.femciutatvella.com\/ca\/287-2\/","title":{"rendered":"GOTIC contra l&#8217;especulaci\u00f3 immobili\u00e0ria"},"content":{"rendered":"<p><strong><u>Ve\u00efns del G\u00f2tic ocupen un edifici per denunciar l\u2019especulaci\u00f3 immobili\u00e0ria<\/u><\/strong><\/p>\n<p><a href=\"https:\/\/twitter.com\/resistimalgotic\/status\/952154477737496576\">13:24 &#8211; 13 gen. 2018<\/a><\/p>\n<p><strong>Asseguren que la compra d\u2019edificis sencers per part de grups inversors est\u00e0 accelerant l\u2019expulsi\u00f3 del ve\u00efnat<\/strong><\/p>\n<p>La plataforma Resistim al G\u00f2tic ha convocat una acci\u00f3 de protesta aquest dissabte contra l&#8217;especulaci\u00f3 immobili\u00e0ria que ha acabat amb l&#8217;ocupaci\u00f3 d&#8217;un edifici. Es tracta del n\u00famero 3 del carrer del Correu Vell, on els manifestants asseguren que els inquilins que hi vivien van ser expulsats fa un any per l&#8217;empresa Soverino BCN Investments SL. Expliquen que aquest \u00e9s nom\u00e9s un exemple de la situaci\u00f3 greu que est\u00e0 patint el barri, amb ve\u00efns assetjats i expulsats dels seus habitatges per l&#8217;increment dels preus del lloguer.<\/p>\n<p>Amb aquesta acci\u00f3 els ve\u00efns del G\u00f2tic volen tornar a centrar les mirades en les <a href=\"http:\/\/beteve.cat\/denuncien-assetjament-immobiliari-carrer-princesa\/\">conseq\u00fc\u00e8ncies de l&#8217;especulaci\u00f3 immobili\u00e0ria<\/a>. <strong>Des de la plataforma Resistim al G\u00f2tic asseguren que els grups i fons d&#8217;inversi\u00f3 han comprat fins a una trentena de finques senceres<\/strong>. A banda de la del carrer del Correu Vell, ocupada aquest dissabte, un altre exemple \u00e9s el carrer de C\u00f2dols, on expliquen que s&#8217;han adquirit, i buidat de ve\u00efns, quatre immobles: els n\u00fameros 3-5, 13, 25 i 27.<\/p>\n<p><a href=\"https:\/\/twitter.com\/resistimalgotic\">Resistim al G\u00f2tic @resistimalgotic <\/a><\/p>\n<p>Demanem a Soverino BCN Investments SL que negoci\u00ef contractes de lloguer social per les vuit ve\u00efnes que viuen a l&#8217;edifici. <a href=\"https:\/\/twitter.com\/hashtag\/G%C3%B2tic?src=hash\">#G\u00f2tic<\/a> <a href=\"https:\/\/twitter.com\/hashtag\/Resistim?src=hash\">#Resistim<\/a><\/p>\n<p>Enlla\u00e7 a twitter: <a href=\"https:\/\/twitter.com\/resistimalgotic\/status\/952154477737496576\">https:\/\/twitter.com\/resistimalgotic\/status\/952154477737496576<\/a><\/p>\n<p><a href=\"http:\/\/beteve.cat\/\">http:\/\/beteve.cat\/<\/a><\/p>\n<p>&nbsp;<\/p>","protected":false},"excerpt":{"rendered":"<p>Ve\u00efns del G\u00f2tic ocupen un edifici per denunciar l\u2019especulaci\u00f3 immobili\u00e0ria 13:24 &#8211; 13 gen. 2018 Asseguren que la compra d\u2019edificis sencers per part de grups inversors est\u00e0 accelerant l\u2019expulsi\u00f3 del ve\u00efnat La plataforma Resistim al G\u00f2tic ha convocat una acci\u00f3 de protesta aquest dissabte contra l&#8217;especulaci\u00f3 immobili\u00e0ria que ha acabat amb l&#8217;ocupaci\u00f3 d&#8217;un edifici. Es&#8230; <\/p>\n","protected":false},"author":3,"featured_media":288,"comment_status":"closed","ping_status":"closed","sticky":false,"template":"","format":"standard","meta":{"footnotes":""},"categories":[16,7,1],"tags":[],"class_list":["post-287","post","type-post","status-publish","format-standard","has-post-thumbnail","hentry","category-gotic","category-premsa-esta-passant","category-sin-categoria"],"_links":{"self":[{"href":"https:\/\/www.femciutatvella.com\/ca\/wp-json\/wp\/v2\/posts\/287","targetHints":{"allow":["GET"]}}],"collection":[{"href":"https:\/\/www.femciutatvella.com\/ca\/wp-json\/wp\/v2\/posts"}],"about":[{"href":"https:\/\/www.femciutatvella.com\/ca\/wp-json\/wp\/v2\/types\/post"}],"author":[{"embeddable":true,"href":"https:\/\/www.femciutatvella.com\/ca\/wp-json\/wp\/v2\/users\/3"}],"replies":[{"embeddable":true,"href":"https:\/\/www.femciutatvella.com\/ca\/wp-json\/wp\/v2\/comments?post=287"}],"version-history":[{"count":4,"href":"https:\/\/www.femciutatvella.com\/ca\/wp-json\/wp\/v2\/posts\/287\/revisions"}],"predecessor-version":[{"id":292,"href":"https:\/\/www.femciutatvella.com\/ca\/wp-json\/wp\/v2\/posts\/287\/revisions\/292"}],"wp:featuredmedia":[{"embeddable":true,"href":"https:\/\/www.femciutatvella.com\/ca\/wp-json\/wp\/v2\/media\/288"}],"wp:attachment":[{"href":"https:\/\/www.femciutatvella.com\/ca\/wp-json\/wp\/v2\/media?parent=287"}],"wp:term":[{"taxonomy":"category","embeddable":true,"href":"https:\/\/www.femciutatvella.com\/ca\/wp-json\/wp\/v2\/categories?post=287"},{"taxonomy":"post_tag","embeddable":true,"href":"https:\/\/www.femciutatvella.com\/ca\/wp-json\/wp\/v2\/tags?post=287"}],"curies":[{"name":"wp","href":"https:\/\/api.w.org\/{rel}","templated":true}]}}