{"id":293,"date":"2018-01-14T19:13:00","date_gmt":"2018-01-14T18:13:00","guid":{"rendered":"http:\/\/www.femciutatvella.com\/?p=293"},"modified":"2018-01-14T19:13:00","modified_gmt":"2018-01-14T18:13:00","slug":"borsi-estudio-de-viabilidad","status":"publish","type":"post","link":"https:\/\/www.femciutatvella.com\/ca\/borsi-estudio-de-viabilidad\/","title":{"rendered":"BORS\u00cd, estudi viabilitat"},"content":{"rendered":"<p><strong>Estudi Viabilitat projecte adequaci\u00f3 de l\u2019antic Bors\u00ed de Barcelona<\/strong><\/p>\n<p><a href=\"http:\/\/www.somhabitat.cat\/estudi-viabilitat-projecte-adequacio-de-lantic-borsi-de-barcelona\/\">http:\/\/www.somhabitat.cat\/estudi-viabilitat-projecte-adequacio-de-lantic-borsi-de-barcelona\/<\/a><\/p>\n<p>L\u2019objecte del contracte \u00e9s la realitzaci\u00f3 de L\u2019ESTUDI DE VIABILITAT PEL PROJECTE D\u2019ADEQUACI\u00d3 DE L\u2019EDIFICI DE L\u2019ANTIC \u201cBORS\u00cd\u201d, SITUAT AL CARRER AVINY\u00d3 N\u00daM.23 DEL DISTRICTE DE CIUTAT VELLA, A FI DE TRASLLADAR-HI L\u2019ACTUAL BIBLIOTECA \u201cANDREU NIN\u201d I UN ESPAI D\u2019\u00daS VE\u00cfNAL, per part de BIMSA (Barcelona d\u2019Infraestructures Municipals, SA)<\/p>\n<p>Per poder iniciar el Projecte de rehabilitaci\u00f3 i adequaci\u00f3 de l\u2019edifici de l\u2019antic \u201cBors\u00ed\u201d, s\u2019ha cregut oport\u00fa realitzar uns primers estudis per determinar la viabilitat del projecte pel que fa als seg\u00fcents punts:<\/p>\n<p>&#8211; Verificar la viabilitat del compliment de la normativa d\u2019Accessibilitat, detectant els punts febles de l\u2019estat actual i donant directrius de com encarar la soluci\u00f3 per a una supressi\u00f3 de barreres efectiva.<\/p>\n<p>&#8211; Verificar la viabilitat del compliment de la normativa de protecci\u00f3 contra incendis, estudiant la possible sectoritzaci\u00f3 de l\u2019edifici i els recorreguts d\u2019evacuaci\u00f3 possibles.<\/p>\n<p>&#8211; Verificar la viabilitat de la implantaci\u00f3 del programa a nivell de superf\u00edcies i de la seva localitzaci\u00f3 en funci\u00f3 dels seus requeriments program\u00e0tics i\/o t\u00e8cnics, detectant condicionants de l\u2019edifici (geometria dels espais, situaci\u00f3 respecte els accessos, elements a preservar..)<\/p>\n<p>L\u2019edifici ANTIC BORS\u00cd (tamb\u00e9 conegut com CASINO MERCANTIL) est\u00e0 situat al carrer Aviny\u00f3 23, cantonada amb la Pla\u00e7a de la Ver\u00f2nica 2, al Barri G\u00f2tic del Districte de Ciutat Vella.<\/p>\n<p>Es tracta d\u2019un edifici constru\u00eft entre 1881 i 1883, pel mestre d&#8217;obres Tiberi Sabater i Carner.\u00a0L\u2019edifici est\u00e0 incl\u00f2s dins del Cat\u00e0leg Arquitect\u00f2nic de l\u2019Ajuntament de Barcelona amb un nivell de protecci\u00f3 B:<br \/>\nB\u00e9 d\u2019Inter\u00e8s Local; 7a(p) edifici incl\u00f2s en el Conjunt de la Muralla.<\/p>\n<p>S\u2019ha realitzat una an\u00e0lisi de l\u2019estat actual de l\u2019edifici en base als pl\u00e0nols facilitats, aix\u00ed com a trav\u00e9s de visites realitzades.<\/p>\n<p><strong>Per a l\u2019apartat d\u2019accessibilitat:<\/strong><\/p>\n<p>S\u2019han estudiat les condicions actuals d\u2019accessibilitat de l\u2019edifici el Bors\u00ed, segons s\u2019estableix en el principal marc normatiu de refer\u00e8ncia; el Codi d\u2019accessibilitat de Catalunya, i el Codi T\u00e8cnic de l\u2019Edificaci\u00f3.<br \/>\nSempre tenint en compte les limitacions f\u00edsiques pr\u00f2pies d\u2019un edifici existent, amb l\u2019objectiu final d\u2019assegurar uns itineraris i utilitzaci\u00f3 d\u2019espais per tal que siguin accessibles en tots els casos possibles, o com a m\u00ednim practicables en el seu defecte.<\/p>\n<p><strong>Per a l\u2019apartat de protecci\u00f3 contra incendis:<\/strong><br \/>\nS\u2019han estudiat les normatives que haur\u00e0 de donar compliment als requeriments del DB SI-Seguretat en cas d&#8217;incedi del CTE, a l&#8217;ordenan\u00e7a reguladora de les condicions de protecci\u00f3 contra incendis de Barcelona i a les SP Instruccions t\u00e8cniques complement\u00e0ries que li siguin d&#8217;aplicaci\u00f3. De tal manera que els ocupants puguin desallotjar l&#8217;edifici en condicions segures, es pugui limitar l&#8217;extensi\u00f3 de l\u2019incendi dintre del propi edifici i dels que l&#8217;envolten i es permeti l&#8217;actuaci\u00f3 dels equips d&#8217;extinci\u00f3 i rescat.<\/p>\n<p>Per a l\u2019an\u00e0lisi de la <strong>viabilitat de la implantaci\u00f3 del programa<\/strong>\u00a0 tamb\u00e9 s\u2019ha realitzat una an\u00e0lisi de l\u2019estat actual de l\u2019edifici en base als pl\u00e0nols facilitats, aix\u00ed com a trav\u00e9s de visites realitzades.<br \/>\nDe l\u2019an\u00e0lisi gr\u00e0fic i les visites s\u2019ha extret la documentaci\u00f3 inicial de capacitats de l\u2019edifici, determinant-ne les superf\u00edcies usables i les caracter\u00edstiques dels espais a trav\u00e9s de distints indicadors.<br \/>\nPer altre costat, s\u2019han analitzat les demandes program\u00e0tiques tant dels ve\u00efns com per part de biblioteques, organitzant-les i valorant-les tamb\u00e9 amb un seguit d\u2019indicadors que permetin una lectura interrelacionada entre estat actual i demandes.<\/p>\n<p>A partir de les dades obtingudes s\u2019han realitzat distintess trobades amb als agents implicats per a l\u2019acostament a una proposta consensuada de programa compartir.<br \/>\nLa finalitat d\u2019aquesta tasca ha estat obtenir una radiografia de les possibilitats program\u00e0tiques de l\u2019edifici, en relaci\u00f3 a les necessitats dels agents participants, per poder actuar amb consci\u00e8ncia de necessitats enfront realitat abans de qualsevol obra o actuaci\u00f3.<\/p>\n<p><strong>T\u00e8cnics redactors:<\/strong><\/p>\n<p>&#8211; <a href=\"http:\/\/www.somhabitat.cat\/marta-bordas-eddy\/\">Marta Bordas Eddy<\/a><\/p>\n<p>&#8211; <a href=\"http:\/\/www.somhabitat.cat\/lluis-andujar-sala\/\">Lluis And\u00fajar i Sala<\/a><\/p>\n<p>&#8211; <a href=\"http:\/\/www.somhabitat.cat\/daniel-molina-lopez\/\">Daniel Molina L\u00f3pez<\/a><\/p>","protected":false},"excerpt":{"rendered":"<p>Estudi Viabilitat projecte adequaci\u00f3 de l\u2019antic Bors\u00ed de Barcelona http:\/\/www.somhabitat.cat\/estudi-viabilitat-projecte-adequacio-de-lantic-borsi-de-barcelona\/ L\u2019objecte del contracte \u00e9s la realitzaci\u00f3 de L\u2019ESTUDI DE VIABILITAT PEL PROJECTE D\u2019ADEQUACI\u00d3 DE L\u2019EDIFICI DE L\u2019ANTIC \u201cBORS\u00cd\u201d, SITUAT AL CARRER AVINY\u00d3 N\u00daM.23 DEL DISTRICTE DE CIUTAT VELLA, A FI DE TRASLLADAR-HI L\u2019ACTUAL BIBLIOTECA \u201cANDREU NIN\u201d I UN ESPAI D\u2019\u00daS VE\u00cfNAL, per part de BIMSA&#8230; <\/p>\n","protected":false},"author":3,"featured_media":294,"comment_status":"closed","ping_status":"closed","sticky":false,"template":"","format":"standard","meta":{"footnotes":""},"categories":[16,1],"tags":[],"class_list":["post-293","post","type-post","status-publish","format-standard","has-post-thumbnail","hentry","category-gotic","category-sin-categoria"],"_links":{"self":[{"href":"https:\/\/www.femciutatvella.com\/ca\/wp-json\/wp\/v2\/posts\/293","targetHints":{"allow":["GET"]}}],"collection":[{"href":"https:\/\/www.femciutatvella.com\/ca\/wp-json\/wp\/v2\/posts"}],"about":[{"href":"https:\/\/www.femciutatvella.com\/ca\/wp-json\/wp\/v2\/types\/post"}],"author":[{"embeddable":true,"href":"https:\/\/www.femciutatvella.com\/ca\/wp-json\/wp\/v2\/users\/3"}],"replies":[{"embeddable":true,"href":"https:\/\/www.femciutatvella.com\/ca\/wp-json\/wp\/v2\/comments?post=293"}],"version-history":[{"count":1,"href":"https:\/\/www.femciutatvella.com\/ca\/wp-json\/wp\/v2\/posts\/293\/revisions"}],"predecessor-version":[{"id":295,"href":"https:\/\/www.femciutatvella.com\/ca\/wp-json\/wp\/v2\/posts\/293\/revisions\/295"}],"wp:featuredmedia":[{"embeddable":true,"href":"https:\/\/www.femciutatvella.com\/ca\/wp-json\/wp\/v2\/media\/294"}],"wp:attachment":[{"href":"https:\/\/www.femciutatvella.com\/ca\/wp-json\/wp\/v2\/media?parent=293"}],"wp:term":[{"taxonomy":"category","embeddable":true,"href":"https:\/\/www.femciutatvella.com\/ca\/wp-json\/wp\/v2\/categories?post=293"},{"taxonomy":"post_tag","embeddable":true,"href":"https:\/\/www.femciutatvella.com\/ca\/wp-json\/wp\/v2\/tags?post=293"}],"curies":[{"name":"wp","href":"https:\/\/api.w.org\/{rel}","templated":true}]}}