{"id":322,"date":"2018-04-12T08:37:22","date_gmt":"2018-04-12T06:37:22","guid":{"rendered":"http:\/\/www.femciutatvella.com\/?p=322"},"modified":"2018-04-12T08:38:40","modified_gmt":"2018-04-12T06:38:40","slug":"322-2","status":"publish","type":"post","link":"https:\/\/www.femciutatvella.com\/ca\/322-2\/","title":{"rendered":"El Raval no \u00e9s com el venen els mitjans"},"content":{"rendered":"<p><\/p>\n<h5 id=\"js_1d\" class=\"_14f3 _14f5 _5pbw _5vra\" data-ft=\"{&quot;tn&quot;:&quot;C&quot;}\"><span class=\"fwn fcg\"><span class=\"fwb fcg\" data-ft=\"{&quot;tn&quot;:&quot;;&quot;}\"><a id=\"js_18i\" href=\"https:\/\/www.facebook.com\/elraval.jalegria?hc_ref=ARRlpTHMpcL_qE8XNTjjv2-Ot4X8smBBPiHp7dR8lQtN1sIqM_7p5uQBBy4aeUvcQeo&amp;fref=nf\" data-hovercard=\"\/ajax\/hovercard\/user.php?id=100003118991950&amp;extragetparams=%7B%22hc_ref%22%3A%22ARRlpTHMpcL_qE8XNTjjv2-Ot4X8smBBPiHp7dR8lQtN1sIqM_7p5uQBBy4aeUvcQeo%22%2C%22fref%22%3A%22nf%22%7D\" data-hovercard-prefer-more-content-show=\"1\" data-hovercard-referer=\"ARRlpTHMpcL_qE8XNTjjv2-Ot4X8smBBPiHp7dR8lQtN1sIqM_7p5uQBBy4aeUvcQeo\">Javier Alegr\u00eda El Raval<\/a><\/span><\/span><\/h5>\n<div id=\"gt-res-content\">\n<div id=\"gt-res-dir-ctr\" class=\"trans-verified-button-small\" dir=\"ltr\"><span id=\"result_box\" class=\"\" lang=\"ca\"><span title=\"En unos casos por una reacci\u00f3n emocional y en otros por un obsesivo af\u00e1n de desgastar al gobierno de los comunes, el caso es que tras la escena del machete en el RAVAL han vuelto las voces que confunden la parte con el todo en cuanto los medios han\">En uns casos per una reacci\u00f3 emocional i en altres per un obsessiu afany de desgastar el govern dels comuns, el cas \u00e9s que despr\u00e9s de l&#8217;escena del matxet al RAVAL han tornat les veus que confonen la part amb el tot pel que fa als mitjans han <\/span><span title=\"vuelto a difundir masivamente sus habituales im\u00e1genes del Raval. \">tornat a difondre massivament els seus habituals imatges del Raval.<br \/>\n<\/span><span title=\"Hace un par de meses, una asociaci\u00f3n de vecinos convoc\u00f3 a los medios para pasearles por un recorrido de narcopisos.\">Fa un parell de mesos, una associaci\u00f3 de ve\u00efns va convocar els mitjans per pasearles per un recorregut de narcopisos. <\/span><span title=\"Vinieron 60 periodistas de una treintena de medios. \">Van venir 60 periodistes d&#8217;una trentena de mitjans.<br \/>\n<\/span><span title=\"Esa misma semana, la fundaci\u00f3n Tot Raval convoc\u00f3 a los mismos medios porque se celebraba una marat\u00f3n de expertos en educaci\u00f3n (200 personas relacionadas con distintos \u00e1mbitos de la educaci\u00f3n) para poner en marcha ocho proyectos educativos innovadores en el mismo barrio del Raval. \">Aquesta mateixa setmana, la fundaci\u00f3 Tot Raval va convocar els mateixos mitjans perqu\u00e8 es celebrava una marat\u00f3 d&#8217;experts en educaci\u00f3 (200 persones relacionades amb diferents \u00e0mbits de l&#8217;educaci\u00f3) per posar en marxa vuit projectes educatius innovadors en el mateix barri del Raval.<br \/>\n<\/span><span title=\"Vino solo un periodista!!! \">Va venir nom\u00e9s un periodista !!!<br \/>\n<\/span><span title=\"El RAVAL lleva d\u00e9cadas luchando contra la estigmatizaci\u00f3n que alimentan incansablemente los medios de comunicaci\u00f3n convencionales, siempre interesados en todo lo que sea droga prostituci\u00f3n y violencia. \">El RAVAL porta d\u00e8cades lluitant contra l&#8217;estigmatitzaci\u00f3 que alimenten incansablement els mitjans de comunicaci\u00f3 convencionals, sempre interessats en tot el que sigui droga prostituci\u00f3 i viol\u00e8ncia.<br \/>\n<\/span><span title=\"Pero el Raval es mucho m\u00e1s que eso. \">Per\u00f2 el Raval \u00e9s molt m\u00e9s que aix\u00f2.<br \/>\n<\/span><span title=\"En el Raval viven 50.000 personas honestas y menos de 500 delincuentes.\">Al Raval hi viuen 50.000 persones honestes i menys de 500 delinq\u00fcents. <\/span><span title=\"Calcula el porcentaje! \">Calcula el percentatge!<br \/>\n<\/span><span title=\"En el RAVAL trabajan cientos de personas admirables en multitud de asociaciones vecinales, comerciales, sociales, educativas, etc. \">Al RAVAL treballen centenars de persones admirables en multitud d&#8217;associacions ve\u00efnals, comercials, socials, educatives, etc.<br \/>\n<\/span><span title=\"En el RAVAL se soportan los problemas de la centralidad y de la especulaci\u00f3n inmobiliaria, que est\u00e1n en la base de la prostituci\u00f3n y del tr\u00e1fico de drogas respectivamente. \">Al RAVAL es suporten els problemes de la centralitat i de l&#8217;especulaci\u00f3 immobili\u00e0ria, que s\u00f3n a la base de la prostituci\u00f3 i del tr\u00e0fic de drogues respectivament.<br \/>\n<\/span><span title=\"En el RAVAL habiendo un 50% de inmigraci\u00f3n, nunca ha habido problemas de convivencia por racismo o xenofobia.\">Al RAVAL havent-hi un 50% d&#8217;immigraci\u00f3, no hi ha hagut problemes de conviv\u00e8ncia per racisme o xenof\u00f2bia. <\/span><span title=\"Y en eso, el Raval es un barrio mod\u00e9lico que se estudia en muchas ciudades europeas sorprendidas por ello. \">I en aix\u00f2, el Raval \u00e9s un barri mod\u00e8lic que s&#8217;estudia en moltes ciutats europees sorpreses per aix\u00f2.<br \/>\n<\/span><span title=\"En el RAVAL, hay un problema de drogas end\u00e9mico.\">Al RAVAL, hi ha un problema de drogues end\u00e8mic. <\/span><span title=\"Un problema que va y viene desde que el barrio era el &quot;chino&quot;, el barrio portuario en el que &quot;pecaban&quot; los pijos de toda la ciudad junto a los marineros del puerto que buscaban desahogo tres semanas en el mar.\">Un problema que va i ve des que el barri era el &#8220;xin\u00e8s&#8221;, el barri portuari en qu\u00e8 &#8220;pecaven&#8221; els pijos de tota la ciutat al costat dels mariners del port que buscaven alleujament tres setmanes al mar. <\/span><span title=\"Un problema que viene y va siempre en funci\u00f3n de factores ajenos al barrio. \">Un problema que ve i va sempre en funci\u00f3 de factors aliens al barri.<br \/>\n<\/span><span title=\"Ahora estamos trabajando y consiguiendo reducir el problema de los narcopisos.\">Ara estem treballant i aconseguint reduir el problema dels narcopisos. <\/span><span title=\"Lo hacemos todos: vecinos, miembros de entidades, pol\u00edticos, periodistas del barrio, activistas, y sobre todo fuerzas de orden.\">Ho fem tots: ve\u00efns, membres d&#8217;entitats, pol\u00edtics, periodistes del barri, activistes, i sobretot forces d&#8217;ordre. <\/span><span title=\"Y lo hacemos sabiendo que los fondos buitres, la especulaci\u00f3n inmobiliaria y una legislaci\u00f3n (responsabilidad del gobierno central que tan enf\u00e1ticamente persigue como terroristas a personas mucho menos da\u00f1inas y peligrosas que los narcotraficantes) est\u00e1n en la base del problema. \">I ho fem sabent que els fons voltors, l&#8217;especulaci\u00f3 immobili\u00e0ria i una legislaci\u00f3 (responsabilitat del govern central que tan emf\u00e0ticament persegueix com a terroristes a persones molt menys nocives i perilloses que els narcotraficants) s\u00f3n a la base del problema.<br \/>\n<\/span><span title=\"Todas las televisiones dar\u00e1n las im\u00e1genes de los dos desgraciados que se han peleado con armas blancas.\">Totes les televisions donaran les imatges dels dos desgraciats que s&#8217;han barallat amb armes blanques. <\/span><span title=\"Ninguna dar\u00e1 la reuni\u00f3n con 100 estudiantes de bachillerato de los institutos p\u00fablicos del barrio que se celebrar\u00e1 el lunes 16 en la sede del distrito a la una de la tarde para preparar su acceso a la universidad. \">Cap donar\u00e0 la reuni\u00f3 amb 100 estudiants de batxillerat dels instituts p\u00fablics del barri que se celebrar\u00e0 el dilluns 16 a la seu del districte a la una de la tarda per preparar el seu acc\u00e9s a la universitat.<br \/>\n<\/span><span title=\"En la pelea intervienen dos energ\u00famenos, en la reuni\u00f3n del lunes 100 estudiantes, dos equipos de profesores, varias entidades educativas y delegados de las 4 universidades p\u00fablicas de la ciudad. \">En la baralla hi intervenen dos energ\u00famens, en la reuni\u00f3 de dilluns 100 estudiants, dos equips de professors, diverses entitats educatives i delegats de les 4 universitats p\u00fabliques de la ciutat.<br \/>\n<\/span><span title=\"...... \">&#8230;&#8230;<br \/>\n<\/span><span title=\"Cuando leas o veas comentarios del tipo &quot;este no es mi RAVAL&quot; &quot;as\u00ed est\u00e1 la Bcn de Colau&quot; o &quot;cada vez estamos peor&quot; recuerda lo que te digo.\">Quan llegeixis o vegis comentaris del tipus &#8220;aquest no \u00e9s el meu RAVAL&#8221; &#8220;aix\u00ed est\u00e0 la Bcn de Colau&#8221; o &#8220;cada vegada estem pitjor&#8221; recorda el que et dic. <\/span><span title=\"Poca gente conoce mejor la realidad de este barrio que quien lleva 24 a\u00f1os editando el peri\u00f3dico barrial y 35 implicado en campa\u00f1as vecinales de todo tipo. \">Poca gent coneix millor la realitat d&#8217;aquest barri que qui porta 24 anys editant el peri\u00f2dic de barri i 35 implicat en campanyes ve\u00efnals de tota mena.<br \/>\n<\/span><span title=\"El Raval no es como lo venden los medios.\">El Raval no \u00e9s com el venen els mitjans. <\/span><span title=\"El Raval siempre ha tenido problemas y siempre ha seguido adelante, incansablemente, para mejorar.\">El Raval sempre ha tingut problemes i sempre ha seguit endavant, incansablement, per millorar. <\/span><span title=\"Y entre todos hemos conseguido logros tan mod\u00e9licos como la convivencia intercultural.\">I entre tots hem aconseguit fites tan mod\u00e8lics com la conviv\u00e8ncia intercultural. <\/span><span title=\".... Y muchos otros que me abstengo de redactar porque esto es Facebook no la enciclopedia brit\u00e1nica!! \">&#8230;. I molts altres que m&#8217;abstinc de redactar perqu\u00e8 aix\u00f2 \u00e9s Facebook no l&#8217;enciclop\u00e8dia brit\u00e0nica !!<br \/>\n<\/span><span title=\"Un saludo Ravalero para todos\/as \">Una salutaci\u00f3 Ravalero per a tots \/ es<br \/>\n<\/span><span title=\"Aqu\u00ed seguimos, trabajando por el barrio!!!\">Aqu\u00ed seguim, treballant pel barri !!!<\/span><\/span><\/div>\n<\/div>\n<div id=\"gt-res-tools\"><\/div>\n<div><a href=\"https:\/\/www.facebook.com\/elraval.jalegria?hc_ref=ARRlpTHMpcL_qE8XNTjjv2-Ot4X8smBBPiHp7dR8lQtN1sIqM_7p5uQBBy4aeUvcQeo&amp;fref=nf\" target=\"_blank\" rel=\"noopener noreferrer\">https:\/\/www.facebook.com\/elraval.jalegria?hc_ref=ARRlpTHMpcL_qE8XNTjjv2-Ot4X8smBBPiHp7dR8lQtN1sIqM_7p5uQBBy4aeUvcQeo&amp;fref=nf<\/a><\/div>\n<div id=\"gt-form-c\">\n<form id=\"gt-form\" action=\"\/\" enctype=\"application\/x-www-form-urlencoded\" method=\"post\" name=\"text_form\">\n<div id=\"gt-text-all\"><\/div>\n<\/form>\n<\/div>\n<p><\/p>","protected":false},"excerpt":{"rendered":"<p>Javier Alegr\u00eda El Raval En uns casos per una reacci\u00f3 emocional i en altres per un obsessiu afany de desgastar el govern dels comuns, el cas \u00e9s que despr\u00e9s de l&#8217;escena del matxet al RAVAL han tornat les veus que confonen la part amb el tot pel que fa als mitjans han tornat a difondre&#8230; <\/p>\n","protected":false},"author":3,"featured_media":323,"comment_status":"closed","ping_status":"closed","sticky":false,"template":"","format":"standard","meta":{"footnotes":""},"categories":[17,1],"tags":[],"class_list":["post-322","post","type-post","status-publish","format-standard","has-post-thumbnail","hentry","category-raval","category-sin-categoria"],"_links":{"self":[{"href":"https:\/\/www.femciutatvella.com\/ca\/wp-json\/wp\/v2\/posts\/322","targetHints":{"allow":["GET"]}}],"collection":[{"href":"https:\/\/www.femciutatvella.com\/ca\/wp-json\/wp\/v2\/posts"}],"about":[{"href":"https:\/\/www.femciutatvella.com\/ca\/wp-json\/wp\/v2\/types\/post"}],"author":[{"embeddable":true,"href":"https:\/\/www.femciutatvella.com\/ca\/wp-json\/wp\/v2\/users\/3"}],"replies":[{"embeddable":true,"href":"https:\/\/www.femciutatvella.com\/ca\/wp-json\/wp\/v2\/comments?post=322"}],"version-history":[{"count":2,"href":"https:\/\/www.femciutatvella.com\/ca\/wp-json\/wp\/v2\/posts\/322\/revisions"}],"predecessor-version":[{"id":325,"href":"https:\/\/www.femciutatvella.com\/ca\/wp-json\/wp\/v2\/posts\/322\/revisions\/325"}],"wp:featuredmedia":[{"embeddable":true,"href":"https:\/\/www.femciutatvella.com\/ca\/wp-json\/wp\/v2\/media\/323"}],"wp:attachment":[{"href":"https:\/\/www.femciutatvella.com\/ca\/wp-json\/wp\/v2\/media?parent=322"}],"wp:term":[{"taxonomy":"category","embeddable":true,"href":"https:\/\/www.femciutatvella.com\/ca\/wp-json\/wp\/v2\/categories?post=322"},{"taxonomy":"post_tag","embeddable":true,"href":"https:\/\/www.femciutatvella.com\/ca\/wp-json\/wp\/v2\/tags?post=322"}],"curies":[{"name":"wp","href":"https:\/\/api.w.org\/{rel}","templated":true}]}}